{"id":1790,"date":"2024-05-11T12:34:24","date_gmt":"2024-05-11T16:34:24","guid":{"rendered":"https:\/\/chantsdevielles.com\/?post_type=actualites&#038;p=1790"},"modified":"2024-06-19T14:43:14","modified_gmt":"2024-06-19T18:43:14","slug":"les-enfants-auront-leur-part-du-gateau","status":"publish","type":"actualites","link":"https:\/\/chantsdevielles.com\/en\/actualites\/les-enfants-auront-leur-part-du-gateau\/","title":{"rendered":"Festival Chants de Vielles: les enfants auront leur part du g\u00e2teau !"},"content":{"rendered":"<p dir=\"ltr\">Depuis la premi\u00e8re ann\u00e9e, le festival Chants de Vielles prend toujours soin de faire une place de choix aux enfants et \u00e0 leurs parents.<\/p>\n<p dir=\"ltr\">Cette 20e \u00e9dition ne fait pas exception!<\/p>\n<h3 class=\"null\">Chants de Vielles a 20 ans&#8230;<br \/>\nEt les enfants auront leur part du g\u00e2teau&#8230; de f\u00eate !!!<\/h3>\n","protected":false},"featured_media":1795,"template":"","class_list":["post-1790","actualites","type-actualites","status-publish","has-post-thumbnail","hentry"],"acf":[],"_links":{"self":[{"href":"https:\/\/chantsdevielles.com\/en\/wp-json\/wp\/v2\/actualites\/1790","targetHints":{"allow":["GET"]}}],"collection":[{"href":"https:\/\/chantsdevielles.com\/en\/wp-json\/wp\/v2\/actualites"}],"about":[{"href":"https:\/\/chantsdevielles.com\/en\/wp-json\/wp\/v2\/types\/actualites"}],"wp:featuredmedia":[{"embeddable":true,"href":"https:\/\/chantsdevielles.com\/en\/wp-json\/wp\/v2\/media\/1795"}],"wp:attachment":[{"href":"https:\/\/chantsdevielles.com\/en\/wp-json\/wp\/v2\/media?parent=1790"}],"curies":[{"name":"wp","href":"https:\/\/api.w.org\/{rel}","templated":true}]}}