{"id":2056,"date":"2024-07-08T18:54:54","date_gmt":"2024-07-08T22:54:54","guid":{"rendered":"https:\/\/chantsdevielles.com\/?post_type=actualites&#038;p=2056"},"modified":"2025-08-03T11:59:13","modified_gmt":"2025-08-03T15:59:13","slug":"une-20e-edition-eclatante-et-eclatee","status":"publish","type":"actualites","link":"https:\/\/chantsdevielles.com\/en\/actualites\/une-20e-edition-eclatante-et-eclatee\/","title":{"rendered":"Une 20e \u00e9dition <br\/>\u00e9clatante et \u00e9clat\u00e9e!"},"content":{"rendered":"<p>Des milliers de festivali\u00e8res et festivaliers \u00e9taient rassembl\u00e9s pour c\u00e9l\u00e9brer le 20e anniversaire de Chants de Vielles, du 27 au 30 juin derniers, \u00e0 Saint-Antoine-sur-Richelieu. Plus d\u2019une centaine d&#8217;artistes, venus du Qu\u00e9bec, d&#8217;Am\u00e9rique du Nord et d&#8217;Europe ont offert quelque 60 activit\u00e9s, concerts, danses, ateliers, cin\u00e9-rencontres, ainsi que des classes de ma\u00eetre en pr\u00e9festival.<\/p>\n","protected":false},"featured_media":2057,"template":"","class_list":["post-2056","actualites","type-actualites","status-publish","has-post-thumbnail","hentry"],"acf":[],"_links":{"self":[{"href":"https:\/\/chantsdevielles.com\/en\/wp-json\/wp\/v2\/actualites\/2056","targetHints":{"allow":["GET"]}}],"collection":[{"href":"https:\/\/chantsdevielles.com\/en\/wp-json\/wp\/v2\/actualites"}],"about":[{"href":"https:\/\/chantsdevielles.com\/en\/wp-json\/wp\/v2\/types\/actualites"}],"wp:featuredmedia":[{"embeddable":true,"href":"https:\/\/chantsdevielles.com\/en\/wp-json\/wp\/v2\/media\/2057"}],"wp:attachment":[{"href":"https:\/\/chantsdevielles.com\/en\/wp-json\/wp\/v2\/media?parent=2056"}],"curies":[{"name":"wp","href":"https:\/\/api.w.org\/{rel}","templated":true}]}}