{"id":3676,"date":"2026-02-01T13:07:09","date_gmt":"2026-02-01T18:07:09","guid":{"rendered":"https:\/\/chantsdevielles.com\/?post_type=actualites&#038;p=3676"},"modified":"2026-04-10T15:27:53","modified_gmt":"2026-04-10T19:27:53","slug":"chants-de-vielles-a-lannee-kavaz","status":"publish","type":"actualites","link":"https:\/\/chantsdevielles.com\/en\/actualites\/chants-de-vielles-a-lannee-kavaz\/","title":{"rendered":"Chants de Vielles \u00e0 l&#8217;ann\u00e9e: KAVAZ"},"content":{"rendered":"<p>Apr\u00e8s avoir dans\u00e9 sur leur musique au Quai Fecteau lors de l&#8217;\u00e9dition <em>Chants de Vielles sur Richelieu<\/em>\u00a0 (2022), il \u00e9tait plus que temps de les r\u00e9entendre <strong>KAVAZ<\/strong> en concert dans le cadre de la s\u00e9rie de concerts intimistes <em>Chants de Vielles \u00e0 l\u2019ann\u00e9e.<\/em><\/p>\n<p>Kavaz est un trio de musique traditionnelle compos\u00e9 d\u2019<strong>Isaac Beaudet Lefebvre<\/strong> au violon, <strong>Everest Witman<\/strong> \u00e0 la guitare et<strong> Fran\u00e7ois-Xavier Dueymes<\/strong> aux fl\u00fbtes. Les trois musiciens se retrouvent autour d\u2019un amour commun pour la musique irlandaise mais apportent chacun dans leurs bagages des \u00e9l\u00e9ments de leur contr\u00e9e d\u2019origine: Qu\u00e9bec, Vermont et Bretagne. Le nom <em>Kavaz<\/em> est un terme emprunt\u00e9 \u00e0 la langue bretonne signifiant \u201cembranchement\u201d ou \u201cbifurcation\u201d, symbolisant la rencontre des<br \/>\ntrois univers musicaux. Le groupe a sorti son premier album Confluence, en juillet 2023. On y retrouve des compositions du groupe avec des airs traditionnels sur base d\u2019arrangement moderne.<\/p>\n<p><strong><em>Visionnez <\/em><\/strong><em>Matante Alfreda (set reels qu\u00e9b\u00e9cois) <\/em><strong><em><a href=\"https:\/\/youtu.be\/ZUOr9Lmygxw?si=y3Zi9-WbSUeV483m\" target=\"_blank\" rel=\"noopener\">&gt;&gt;&gt;<\/a><br \/>\nVisionnez <\/em><\/strong><em>Gigues du Haut-Boc <\/em><strong><em><a href=\"https:\/\/youtu.be\/O-gHEfCEetI?si=puePC6hQw5qCmV_6\" target=\"_blank\" rel=\"noopener\">&gt;&gt;&gt;<\/a><br \/>\nVisionnez <\/em><\/strong><em>Concert \u00e0 l&#8217;Interceltique de Lorient 2025 <\/em><strong><em><a href=\"https:\/\/youtu.be\/DCXVu2cgneo?si=rFGmTMttLrWHJ55f\" target=\"_blank\" rel=\"noopener\">&gt;&gt;&gt;<\/a><br \/>\n<\/em><\/strong><strong><em>\u00c9coutez <\/em><\/strong><em>a<\/em><em>lbum Confluence <\/em><strong><em><a href=\"https:\/\/streamlink.to\/kavaz-confluence\" target=\"_blank\" rel=\"noopener\">&gt;&gt;&gt;<\/a><\/em><\/strong><\/p>\n<p><strong>INFORMATIONS :<\/strong><br \/>\n<strong>Samedi 25 avril 2026, 20 h 00<\/strong><br \/>\nAdresse: Maison de la culture Eulalie-Durocher<br \/>\n1028 rue du Rivage, Saint-Antoine-sur-Richelieu<br \/>\ninfo@chantsdevielles.com<br \/>\nLes portes ouvriront \u00e0 19 h 00<br \/>\nService de bar disponible\u00a0sur place<br \/>\nPlaces limit\u00e9es.<br \/>\n<strong>BILLETS<\/strong>\u00a0: 25$ + frais<br \/>\n<strong>R\u00c9SERVEZ VOS PLACES D\u00c8S MAINTENANT <\/strong><a href=\"https:\/\/lepointdevente.com\/billets\/vie260425001?lang=fr\" target=\"_blank\" rel=\"noopener\">&gt;&gt;&gt;<\/a><\/p>\n<p>Concert pr\u00e9sent\u00e9 en collaboration avec la <em>Municipalit\u00e9 de<\/em> <em>Saint-Antoine-sur-Richelieu, ainsi que de Xavier Barsalou-Duval, d\u00e9put\u00e9 f\u00e9d\u00e9ral de Pierre-Boucher\u2013Les Patriotes\u2013Verch\u00e8res<\/em><\/p>\n","protected":false},"featured_media":3658,"template":"","class_list":["post-3676","actualites","type-actualites","status-publish","has-post-thumbnail","hentry"],"acf":[],"_links":{"self":[{"href":"https:\/\/chantsdevielles.com\/en\/wp-json\/wp\/v2\/actualites\/3676","targetHints":{"allow":["GET"]}}],"collection":[{"href":"https:\/\/chantsdevielles.com\/en\/wp-json\/wp\/v2\/actualites"}],"about":[{"href":"https:\/\/chantsdevielles.com\/en\/wp-json\/wp\/v2\/types\/actualites"}],"wp:featuredmedia":[{"embeddable":true,"href":"https:\/\/chantsdevielles.com\/en\/wp-json\/wp\/v2\/media\/3658"}],"wp:attachment":[{"href":"https:\/\/chantsdevielles.com\/en\/wp-json\/wp\/v2\/media?parent=3676"}],"curies":[{"name":"wp","href":"https:\/\/api.w.org\/{rel}","templated":true}]}}