{"id":4925,"date":"2026-09-01T11:20:10","date_gmt":"2026-09-01T15:20:10","guid":{"rendered":"https:\/\/chantsdevielles.com\/?post_type=actualites&#038;p=4925"},"modified":"2026-09-01T11:24:18","modified_gmt":"2026-09-01T15:24:18","slug":"serre-lecoute-en-concert-acoustique-dimanche-le-08-novembre","status":"publish","type":"actualites","link":"https:\/\/chantsdevielles.com\/en\/actualites\/serre-lecoute-en-concert-acoustique-dimanche-le-08-novembre\/","title":{"rendered":"SERRE L&#8217;\u00c9COUTE en concert acoustique dimanche le 08 novembre"},"content":{"rendered":"<p>Dans le cadre de sa s\u00e9rie de concerts intimistes hors-festival, l&#8217;organisme est heureux d&#8217;annonce qu&#8217;il aura bient\u00f4t la chance de pr\u00e9senter un \u00e9v\u00e9nement acoustique avec le trio vocal <strong>Serre l&#8217;\u00e9coute <\/strong>qui se passionne depuis plus de 25 ans pour le r\u00e9pertoire de tradition orale francophone. \u00a0Liette Remon (Gasp\u00e9sie), Gabrielle Bouthillier (Qu\u00e9bec) et Robert Bouthillier (Bretagne\/Normandie) nous font d\u00e9couvrir la richesse et la diversit\u00e9 de cet immense r\u00e9pertoire, en puisant dans leurs propres collectes ou dans divers fonds d&#8217;archives pour trouver des versions in\u00e9dites et des perles rares. Ambassadeurs de savoir-faire anciens acquis au contact de nombreux porteurs de traditions, ils chantent comme des vieux, avec des \u00e9chelles non-temp\u00e9r\u00e9es, des m\u00e9triques non-puls\u00e9es et des phras\u00e9s ornement\u00e9s. Ajoutez \u00e0 cela des arrangements polyphoniques organiques qui jaillissent des chants comme s&#8217;ils avaient toujours \u00e9t\u00e9 l\u00e0 lorsque leurs voix s&#8217;y posent&#8230; c&#8217;est cela, <strong>Serre l&#8217;\u00c9coute<\/strong>.<\/p>\n<p>On retrouve le travail de <strong>Serre\u00a0l&#8217;\u00c9coute<\/strong>\u00a0sur cinq disques th\u00e9matiques \u00e9dit\u00e9s entre 2001 et 2025.\u00a0<em>Les bords du Saint-Laurent<\/em>\u00a0explore les chants \u00e0 th\u00e9matique maritime,\u00a0<em>Fortune et perditions<\/em>\u00a0aborde la destin\u00e9e dans tous ses \u00e9tats,\u00a0<em>Buveurs philosophes<\/em>\u00a0est un opus d\u00e9di\u00e9 aux chansons \u00e0 boire,\u00a0<em>Le parnasse des c\u0153urs d&#8217;amour \u00e9pris<\/em>\u00a0c\u00e9l\u00e8bre tous les visages de\u00a0l&#8217;amour, et le r\u00e9cent\u00a0<strong><em>De\u00a0l&#8217;enfer au 7e ciel<\/em><\/strong>\u00a0s&#8217;int\u00e9resse \u00e0 la vie, \u00e0 la mort et \u00e0\u00a0l&#8217;au-del\u00e0. <strong>C&#8217;est le r\u00e9pertoire de ce cinqui\u00e8me album qui sera principalement \u00e0\u00a0l&#8217;honneur lors du concert, o\u00f9 se faufileront tout de m\u00eame quelques classiques.<\/strong><\/p>\n<p><em>Concert pr\u00e9sent\u00e9 en collaboration avec La Municipalit\u00e9 de Saint-Antoine-sur-Richelieu<\/em><\/p>\n<p><strong>DATE: <\/strong>Dimanche le 8 novembre, 15h30\u00a0<strong><\/strong><\/p>\n<p>LIEU: Maison de la culture Eulalie-Durocher, 1028 du Rivage, Saint-Antoine-sur-Richelieu.<br \/>\n<strong><br \/>\nR\u00c9SERVEZ VOS BILLETS <a href=\"https:\/\/lepointdevente.com\/billets\/vie261108001\" target=\"_blank\" rel=\"noopener\">&gt;&gt;&gt;<\/a><br \/>\n<\/strong><em>Les places sont limit\u00e9es. <br \/>\n<\/em><em>Premiers arriv\u00e9s, premiers servis (si\u00e8ges non assign\u00e9s)<br \/>\n<\/em><em>Les portes ouvriront \u00e0 15h00. <br \/>\nBuvette sur place<\/em><\/p>\n","protected":false},"featured_media":4928,"template":"","class_list":["post-4925","actualites","type-actualites","status-publish","has-post-thumbnail","hentry"],"acf":[],"_links":{"self":[{"href":"https:\/\/chantsdevielles.com\/en\/wp-json\/wp\/v2\/actualites\/4925","targetHints":{"allow":["GET"]}}],"collection":[{"href":"https:\/\/chantsdevielles.com\/en\/wp-json\/wp\/v2\/actualites"}],"about":[{"href":"https:\/\/chantsdevielles.com\/en\/wp-json\/wp\/v2\/types\/actualites"}],"wp:featuredmedia":[{"embeddable":true,"href":"https:\/\/chantsdevielles.com\/en\/wp-json\/wp\/v2\/media\/4928"}],"wp:attachment":[{"href":"https:\/\/chantsdevielles.com\/en\/wp-json\/wp\/v2\/media?parent=4925"}],"curies":[{"name":"wp","href":"https:\/\/api.w.org\/{rel}","templated":true}]}}